{"id":531,"date":"2024-09-27T21:17:53","date_gmt":"2024-09-27T19:17:53","guid":{"rendered":"https:\/\/www.essenzerare.com\/home\/?p=531"},"modified":"2024-09-27T21:17:57","modified_gmt":"2024-09-27T19:17:57","slug":"ce-soir-ou-jamais-leleganza-della-rosa","status":"publish","type":"post","link":"https:\/\/www.essenzerare.com\/home\/ce-soir-ou-jamais-leleganza-della-rosa\/531\/","title":{"rendered":"Ce Soir Ou Jamais: L\u2019Eleganza della Rosa"},"content":{"rendered":"\n<p class=\"wp-block-paragraph\"><strong>Recensione su Ce Soir Ou Jamais di Goutal<\/strong><\/p>\n\n\n\n<p class=\"wp-block-paragraph\"><strong>Ce Soir Ou Jamais di <\/strong><a href=\"https:\/\/www.essenzerare.com\/home\/category\/amorepacific-group\/goutal\/\" target=\"_blank\" rel=\"noopener\" title=\"\"><strong>Goutal<\/strong> <\/a>\u00e8 una fragranza che evoca immediatamente raffinatezza e sensualit\u00e0 attraverso la sua complessa composizione floreale. Lanciata nel 1999, questa creazione \u00e8 frutto del lavoro magistrale di <strong>Annick Goutal<\/strong> e <strong><a href=\"https:\/\/www.essenzerare.com\/home\/isabelle-doyen-maestra-delle-fragranze\/585\/\">Isabelle Doyen<\/a><\/strong>, due profumiere che hanno saputo infondere un\u2019inedita profondit\u00e0 olfattiva nelle note di <strong>rosa turca<\/strong>, arricchite da accenti muschiati e floreali. Il risultato \u00e8 un profumo da donna che si pone come una dichiarazione d\u2019amore per la rosa, regina indiscussa dei fiori. In questa recensione tecnica, andremo ad analizzare le caratteristiche principali di questa fragranza, esaminando gli <strong>accordi principali<\/strong>, la sua durata, la scia, e la piramide olfattiva.<\/p>\n\n\n\n<figure class=\"wp-block-image size-full\"><a href=\"https:\/\/amzn.to\/4dr9UUb\"><img decoding=\"async\" width=\"731\" height=\"612\" src=\"https:\/\/www.essenzerare.com\/wp-content\/uploads\/2024\/09\/Ce-Soir-Ou-Jamais-di-Goutal.jpg\" alt=\"Ce Soir Ou Jamais: L\u2019Eleganza della Rosa\" class=\"wp-image-532\" srcset=\"https:\/\/www.essenzerare.com\/wp-content\/uploads\/2024\/09\/Ce-Soir-Ou-Jamais-di-Goutal.jpg 731w, https:\/\/www.essenzerare.com\/wp-content\/uploads\/2024\/09\/Ce-Soir-Ou-Jamais-di-Goutal-300x251.jpg 300w, https:\/\/www.essenzerare.com\/wp-content\/uploads\/2024\/09\/Ce-Soir-Ou-Jamais-di-Goutal-600x502.jpg 600w\" sizes=\"(max-width: 731px) 100vw, 731px\" \/><\/a><figcaption class=\"wp-element-caption\">Ce Soir Ou Jamais: L\u2019Eleganza della Rosa<\/figcaption><\/figure>\n\n\n\n<h3 class=\"wp-block-heading\">Una Rosa Come Protagonista Assoluta<\/h3>\n\n\n\n<p class=\"wp-block-paragraph\"><strong><a href=\"https:\/\/amzn.to\/4dr9UUb\" target=\"_blank\" rel=\"noopener\" title=\"\">Ce Soir Ou Jamais<\/a><\/strong> si posiziona senza dubbio nel gruppo floreale, con la <strong>rosa<\/strong> come protagonista dominante. Questo fiore \u00e8 spesso associato a una femminilit\u00e0 classica, ma in questa fragranza, Annick Goutal ha voluto reinterpretarlo in una forma pi\u00f9 moderna e seducente. La rosa qui non \u00e8 semplice o monocorde; \u00e8 una rosa complessa, con sfumature diverse che si sviluppano durante l&#8217;evoluzione del profumo, rendendolo dinamico e in costante trasformazione. Questa fragranza \u00e8 stata pensata per una donna sicura di s\u00e9, che ama farsi notare senza mai risultare eccessiva.<\/p>\n\n\n\n<h3 class=\"wp-block-heading\">Gli Accordi Principali di Ce Soir Ou Jamais<\/h3>\n\n\n\n<p class=\"wp-block-paragraph\">Gli <strong>accordi principali<\/strong> che dominano questa fragranza sono <strong>floreale<\/strong>, <strong>rosa<\/strong> e <strong>muschiato<\/strong>. L\u2019accordo <strong>floreale<\/strong> si manifesta sin dalle prime note, con una <strong>rosa turca<\/strong> che esplode in tutta la sua bellezza e freschezza. La <strong>rosa<\/strong> qui non \u00e8 mai eccessivamente dolce, ma piuttosto si mantiene bilanciata, con un leggero accento verde e fresco che la rende affascinante. Questo aspetto floreale \u00e8 subito arricchito dall\u2019accordo <strong>muschiato<\/strong>, che aggiunge una profondit\u00e0 sensuale al profumo, facendolo evolvere da una semplice rosa a una composizione complessa e affascinante.<\/p>\n\n\n\n<h3 class=\"wp-block-heading\">Le Note Olfattive: Rosa Turca e Ibisco in Primo Piano<\/h3>\n\n\n\n<p class=\"wp-block-paragraph\">La piramide olfattiva di <strong>Ce Soir Ou Jamais<\/strong> ruota attorno a una combinazione sofisticata di <strong>rosa turca<\/strong>, <strong>ibisco<\/strong>, <strong>semi di ambretta (malva muschiata)<\/strong> e <strong>ambra<\/strong>. La <strong>rosa turca<\/strong>, nota per la sua opulenza e intensit\u00e0, domina il cuore della fragranza, mentre l\u2019<strong>ibisco<\/strong> aggiunge un tocco esotico e leggermente speziato. Questa combinazione crea un contrasto affascinante tra la delicatezza floreale e un sottofondo pi\u00f9 caldo e avvolgente.<\/p>\n\n\n\n<p class=\"wp-block-paragraph\">I <strong>semi di ambretta<\/strong>, conosciuti anche come <strong>malva muschiata<\/strong>, conferiscono al profumo una sfumatura muschiata e delicatamente <strong>animalica<\/strong>, che si sposa alla perfezione con la dolcezza dell\u2019<strong>ambra<\/strong>. L\u2019<strong>ambra<\/strong> aggiunge una base calda e leggermente resinosa, equilibrando la freschezza della rosa e rendendo la fragranza persistente e avvolgente.<\/p>\n\n\n\n<h3 class=\"wp-block-heading\">Un&#8217;Evoluzione Costante sulla Pelle<\/h3>\n\n\n\n<p class=\"wp-block-paragraph\">La <strong>rosa<\/strong> \u00e8 una nota complessa, che pu\u00f2 evolversi in molte direzioni diverse a seconda degli accenti con cui \u00e8 combinata. In <strong>Ce Soir Ou Jamais<\/strong>, la rosa non \u00e8 mai piatta o monotona. Nelle prime fasi, si avverte una freschezza floreale, quasi come se si stesse annusando una rosa appena colta. Col passare del tempo, il profumo si arricchisce di sfumature pi\u00f9 calde e avvolgenti, grazie all&#8217;<strong>ambra<\/strong> e ai <strong>semi di ambretta<\/strong>, che donano una qualit\u00e0 muschiata e leggermente cipriata alla fragranza.<\/p>\n\n\n\n<h3 class=\"wp-block-heading\">Durata e Scia: Una Presenza Elegante e Raffinata<\/h3>\n\n\n\n<p class=\"wp-block-paragraph\">La <strong>durata<\/strong> di <strong>Ce Soir Ou Jamais<\/strong> \u00e8 generalmente considerata <strong>moderata<\/strong>, come riportato dalla maggior parte delle recensioni. Il profumo si sviluppa sulla pelle in modo costante, senza mai svanire rapidamente, ma mantenendo una presenza discreta. Questo lo rende una fragranza ideale per il giorno, poich\u00e9 la sua scia non \u00e8 mai eccessiva o invadente. Tuttavia, la sua <strong>scia moderata<\/strong> riesce a farsi notare, avvolgendo chi lo indossa con un\u2019aura di eleganza e raffinatezza.<\/p>\n\n\n\n<p class=\"wp-block-paragraph\">Di seguito riportiamo i dati tecnici relativi alla durata e alla scia di <strong>Ce Soir Ou Jamais<\/strong>, basati sulle valutazioni degli utenti:<\/p>\n\n\n\n<figure class=\"wp-block-table\"><table class=\"has-fixed-layout\"><thead><tr><th><strong>Caratteristica<\/strong><\/th><th><strong>Valore Maggiore<\/strong><\/th><\/tr><\/thead><tbody><tr><td>Durata<\/td><td>Moderata<\/td><\/tr><tr><td>Scia<\/td><td>Moderata<\/td><\/tr><\/tbody><\/table><\/figure>\n\n\n\n<h3 class=\"wp-block-heading\">L\u2019Equilibrio Perfetto tra Delicatezza e Intensit\u00e0<\/h3>\n\n\n\n<p class=\"wp-block-paragraph\">Ci\u00f2 che rende <strong>Ce Soir Ou Jamais<\/strong> un profumo cos\u00ec speciale \u00e8 il suo <strong>equilibrio perfetto<\/strong> tra delicatezza e intensit\u00e0. Nonostante sia una fragranza che celebra la <strong>rosa<\/strong>, la composizione riesce a evitare ogni eccesso di dolcezza o pesantezza. L&#8217;aggiunta dell&#8217;<strong>ibisco<\/strong> e dell&#8217;<strong>ambra<\/strong> crea una sfumatura leggermente orientale, che dona alla fragranza una dimensione inaspettata e affascinante.<\/p>\n\n\n\n<h3 class=\"wp-block-heading\">Adatto a Diverse Occasioni<\/h3>\n\n\n\n<p class=\"wp-block-paragraph\">Grazie alla sua <strong>scia moderata<\/strong> e alla sua composizione bilanciata, <strong>Ce Soir Ou Jamais<\/strong> si presta a essere indossato in una vasta gamma di occasioni. Pu\u00f2 accompagnare una giornata lavorativa, senza mai risultare invadente, ma \u00e8 altrettanto adatto per un appuntamento serale, grazie alla sua eleganza naturale. \u00c8 una fragranza che parla di <strong>raffinatezza<\/strong>, ma lo fa con discrezione, perfetta per chi ama lasciare il segno senza essere eccessivo.<\/p>\n\n\n\n<h3 class=\"wp-block-heading\">Un Classico Contemporaneo<\/h3>\n\n\n\n<p class=\"wp-block-paragraph\"><strong>Ce Soir Ou Jamais<\/strong> riesce a combinare la <strong>tradizione floreale<\/strong> della rosa con una sensibilit\u00e0 contemporanea. Nonostante sia stato lanciato nel 1999, la sua composizione rimane attuale, grazie all\u2019interpretazione moderna e minimalista di un classico floreale. Questo lo rende una scelta perfetta per chi desidera una fragranza <strong>senza tempo<\/strong>, che possa essere indossata con sicurezza in ogni occasione.<\/p>\n\n\n\n<h3 class=\"wp-block-heading\">Conclusione: La Raffinatezza della Rosa in Bottiglia<\/h3>\n\n\n\n<p class=\"wp-block-paragraph\">In conclusione, <strong>Ce Soir Ou Jamais di Goutal<\/strong> \u00e8 una fragranza che celebra la bellezza e la complessit\u00e0 della <strong>rosa<\/strong>, arricchita da sfumature muschiate e ambrate. La sua composizione elegante, equilibrata e dinamica la rende una scelta eccellente per chi cerca una fragranza <strong>raffinata<\/strong>, capace di accompagnare in modo discreto ma presente in diverse situazioni della vita quotidiana. La <strong>durata moderata<\/strong> e la <strong>scia moderata<\/strong> ne fanno un profumo versatile, adatto sia per il giorno che per la sera. Se amate le fragranze floreali con una dimensione muschiata e calda, <strong>Ce Soir Ou Jamais<\/strong> merita sicuramente un posto nella vostra collezione.<\/p>\n\n\n\n<p class=\"wp-block-paragraph\"><strong>(In qualit\u00e0 di affiliati Amazon, riceviamo un guadagno dagli acquisti idonei effettuati tramite i link presenti sul nostro sito.)<\/strong><\/p>\n","protected":false},"excerpt":{"rendered":"<p>Recensione su Ce Soir Ou Jamais di Goutal Ce Soir Ou Jamais di Goutal \u00e8 una fragranza che<\/p>\n","protected":false},"author":1,"featured_media":532,"comment_status":"open","ping_status":"open","sticky":false,"template":"","format":"standard","meta":{"_monsterinsights_skip_tracking":false,"two_page_speed":[],"footnotes":""},"categories":[8,15,296,297,298],"tags":[99,229,230,301],"class_list":["post-531","post","type-post","status-publish","format-standard","has-post-thumbnail","hentry","category-profumi","category-donna","category-amorepacific-group","category-goutal","category-all-fragrances-goutal","tag-ambra","tag-semi-di-ambretta","tag-rosa-turca","tag-ibisco"],"aioseo_notices":[],"_links":{"self":[{"href":"https:\/\/www.essenzerare.com\/home\/wp-json\/wp\/v2\/posts\/531","targetHints":{"allow":["GET"]}}],"collection":[{"href":"https:\/\/www.essenzerare.com\/home\/wp-json\/wp\/v2\/posts"}],"about":[{"href":"https:\/\/www.essenzerare.com\/home\/wp-json\/wp\/v2\/types\/post"}],"author":[{"embeddable":true,"href":"https:\/\/www.essenzerare.com\/home\/wp-json\/wp\/v2\/users\/1"}],"replies":[{"embeddable":true,"href":"https:\/\/www.essenzerare.com\/home\/wp-json\/wp\/v2\/comments?post=531"}],"version-history":[{"count":1,"href":"https:\/\/www.essenzerare.com\/home\/wp-json\/wp\/v2\/posts\/531\/revisions"}],"predecessor-version":[{"id":533,"href":"https:\/\/www.essenzerare.com\/home\/wp-json\/wp\/v2\/posts\/531\/revisions\/533"}],"wp:featuredmedia":[{"embeddable":true,"href":"https:\/\/www.essenzerare.com\/home\/wp-json\/wp\/v2\/media\/532"}],"wp:attachment":[{"href":"https:\/\/www.essenzerare.com\/home\/wp-json\/wp\/v2\/media?parent=531"}],"wp:term":[{"taxonomy":"category","embeddable":true,"href":"https:\/\/www.essenzerare.com\/home\/wp-json\/wp\/v2\/categories?post=531"},{"taxonomy":"post_tag","embeddable":true,"href":"https:\/\/www.essenzerare.com\/home\/wp-json\/wp\/v2\/tags?post=531"}],"curies":[{"name":"wp","href":"https:\/\/api.w.org\/{rel}","templated":true}]}}